{"id":968,"__str__":"Naum Passos (5\u00ba orador)","link_detail_backend":"/sessao/orador/968","metadata":{},"numero_ordem":5,"url_discurso":"","observacao":"aparteado pelos Vereadores: Ad\u00e3o Moura, Amadeu J\u00fanior, Jo\u00e3o Martins e Domingos Martins","upload_anexo":null,"sessao_plenaria":286,"parlamentar":18}